[{"@context":"https:\/\/schema.org\/","@type":"Article","@id":"https:\/\/www.ayzu.cz\/kdyz-zrovna-maji-pravdu-deti-a-ne-rodice\/#Article","mainEntityOfPage":"https:\/\/www.ayzu.cz\/kdyz-zrovna-maji-pravdu-deti-a-ne-rodice\/","headline":"Kdy\u017e zrovna maj\u00ed pravdu d\u011bti a ne rodi\u010de&#8230;","name":"Kdy\u017e zrovna maj\u00ed pravdu d\u011bti a ne rodi\u010de&#8230;","description":"N\u011bkdy se m\u016f\u017eeme dostat do situace, kdy se jako d\u011bti budeme h\u00e1dat s na\u0161imi rodi\u010di, ale my budeme t\u011bmi, kdo bude m\u00edt pravdu a na\u0161i &hellip; ","datePublished":"2022-11-23","dateModified":"2022-11-23","author":{"@type":"Person","@id":"https:\/\/www.ayzu.cz\/author\/#Person","name":"","url":"https:\/\/www.ayzu.cz\/author\/","identifier":1,"image":{"@type":"ImageObject","@id":"https:\/\/secure.gravatar.com\/avatar\/a414941ff2b86a79f1a70a433f21d60df00047fefe742a46b6fded139881a475?s=96&d=mm&r=g","url":"https:\/\/secure.gravatar.com\/avatar\/a414941ff2b86a79f1a70a433f21d60df00047fefe742a46b6fded139881a475?s=96&d=mm&r=g","height":96,"width":96}},"publisher":{"@type":"Organization","name":"ayzu.cz","logo":{"@type":"ImageObject","@id":"\/logo.png","url":"\/logo.png","width":600,"height":60}},"image":{"@type":"ImageObject","@id":"https:\/\/www.ayzu.cz\/wp-content\/uploads\/rod_3.JPG","url":"https:\/\/www.ayzu.cz\/wp-content\/uploads\/rod_3.JPG","height":0,"width":0},"url":"https:\/\/www.ayzu.cz\/kdyz-zrovna-maji-pravdu-deti-a-ne-rodice\/","about":["D\u011bti"],"wordCount":508,"articleBody":"N\u011bkdy se m\u016f\u017eeme dostat do situace, kdy se jako d\u011bti budeme h\u00e1dat s na\u0161imi rodi\u010di, ale my budeme t\u011bmi, kdo bude m\u00edt pravdu a na\u0161i rodi\u010de se budou pl\u00e9st. Jen m\u00e1lo rodi\u010d\u016f je takov\u00fdch, \u017ee uznaj\u00ed, \u017ee nem\u011bli pravdu a m\u011blo pravdu jejich d\u00edt\u011b. V mnoh\u00fdch p\u0159\u00edpadech je to tak, \u017ee dan\u00fd rodi\u010d za\u010dne d\u00edt\u011bti nad\u00e1vat, jak\u00e9 je dan\u00e9 d\u00edt\u011b lh\u00e1\u0159, \u017ee si vym\u00fd\u0161l\u00ed, \u017ee se mu ned\u00e1 v\u011b\u0159it apod. Pokud ale v\u00edte, \u017ee v\u011bc, kterou \u0159\u00edk\u00e1te, je 100% pravda, pak si za t\u00edm st\u016fjte, i kdyby v\u00e1m dan\u00fd rodi\u010d nad\u00e1val do v\u0161eho mo\u017en\u00e9ho. Po h\u00e1dce dan\u00fd rodi\u010d rozhodn\u011b zjist\u00ed, \u017ee jste m\u011bli pravdu. Pokud je ale n\u011bco, co ne\u010dekejte, pak je to to, \u017ee by se v\u00e1m dan\u00fd rodi\u010d omluvil za to, \u017ee v\u00e1m nad\u00e1val, proto\u017ee mnoho rodi\u010d\u016f m\u00e1 v hlav\u011b to, \u017ee nemohou klesnout na takovou \u00farove\u0148, aby se sv\u00e9mu d\u00edt\u011bti omlouvali. Bohu\u017eel takhle to v dne\u0161n\u00edm sv\u011bt\u011b chod\u00ed.Je jasn\u00e9, \u017ee by to cht\u011blo, aby se n\u011bco takov\u00e9ho zm\u011bnilo, proto\u017ee n\u00e1m t\u00edm rodi\u010d rozhodn\u011b ned\u00e1v\u00e1 dobr\u00fd p\u0159\u00edklad. Bohu\u017eel m\u00e1lo rodi\u010d\u016f to zm\u011bn\u00ed a uznaj\u00ed, \u017ee nap\u0159\u00edklad v t\u00e9 a t\u00e9 situaci skute\u010dn\u011b nem\u011bli pravdu.\u00a0Pro mnoh\u00e9 rodi\u010de je velmi t\u011b\u017ek\u00e9 se omluvit a to nejen sv\u00e9mu d\u00edt\u011bti, ale tak\u00e9 jin\u00fdm lidem, pokud se s nimi poh\u00e1daj\u00ed a zrovna n\u00e1\u0161 rodi\u010d nem\u00e1 pravdu.\u00a0Je ot\u00e1zkou, pro\u010d je pro lidi tak t\u011b\u017ek\u00e9 se n\u011bkomu omluvit. Rozhodn\u011b neklesnete na ni\u017e\u0161\u00ed \u00farove\u0148, pokud se omluv\u00edte za to, \u017ee je\u0161t\u011b nem\u011bli pravdu nebo se omluv\u00edte za to, \u017ee jste dan\u00e9mu \u010dlov\u011bku nad\u00e1vali i kdy\u017e to nebylo na m\u00edst\u011b.\u00a0Lidi jsou opravdu tac\u00ed, \u017ee rad\u011bji zm\u011bn\u00ed t\u00e9ma ne\u017e aby se omlouvali nebo uznali, \u017ee nem\u011bli pravdu a m\u011bl j\u00ed n\u011bkdo jin\u00fd.Lid\u00e9 se mnohdy neomlouvaj\u00ed zejm\u00e9na proto, \u017ee by t\u00edm utrp\u011blo jejich ego, ale opravdu nen\u00ed pot\u0159eba to tak br\u00e1t. Va\u0161e ego t\u00edm rozhodn\u011b neutrp\u00ed ale uk\u00e1\u017eete t\u00edm, \u017ee nejste slab\u00ed a nen\u00ed probl\u00e9m se druh\u00fdm omluvit za to, kdy\u017e jste ud\u011blali n\u011bco, co jste d\u011blat nem\u011bli, nebo jste nem\u011bli pravdu.S n\u011bkter\u00fdmi lidmi to nen\u00ed snadn\u00e9 a \u010dlov\u011bk od nich nem\u016f\u017ee \u010dekat p\u0159\u00edli\u0161. Je ale pochopiteln\u00e9, \u017ee chce \u010dlov\u011bk sly\u0161et omluvu za to, kdy\u017e mu n\u011bkdo nepr\u00e1vem nad\u00e1v\u00e1. M\u016f\u017eete to zkusit dan\u00e9mu \u010dlov\u011bku \u0159\u00edct, ale je mo\u017en\u00e9, \u017ee se v\u00e1m za to vysm\u011bje, proto\u017ee jeho inteligence nen\u00ed tak vysok\u00e1, jak si d\u0159\u00edve \u010dlov\u011bk mohl myslet.                                                                                                                                                                                                                                                                                                                                                                                        4.2\/5 - (10 votes)        "},{"@context":"https:\/\/schema.org\/","@type":"BreadcrumbList","itemListElement":[{"@type":"ListItem","position":1,"name":"Kdy\u017e zrovna maj\u00ed pravdu d\u011bti a ne rodi\u010de&#8230;","item":"https:\/\/www.ayzu.cz\/kdyz-zrovna-maji-pravdu-deti-a-ne-rodice\/#breadcrumbitem"}]}]