[{"@context":"https:\/\/schema.org\/","@type":"Article","@id":"https:\/\/www.ayzu.cz\/kolagen-a-zdravi\/#Article","mainEntityOfPage":"https:\/\/www.ayzu.cz\/kolagen-a-zdravi\/","headline":"Kolagen a zdrav\u00ed","name":"Kolagen a zdrav\u00ed","description":"Pamatuji si na ty \u010dasy, kdy mi bylo \u00fapln\u011b jedno, v jak\u00e9m stavu je moje ple\u0165. Kolikr\u00e1t jsem ani nev\u011bd\u011bla, \u017ee se m\u00e1 o ple\u0165 &hellip; ","datePublished":"2022-11-13","dateModified":"2022-11-13","author":{"@type":"Person","@id":"https:\/\/www.ayzu.cz\/author\/#Person","name":"","url":"https:\/\/www.ayzu.cz\/author\/","identifier":1,"image":{"@type":"ImageObject","@id":"https:\/\/secure.gravatar.com\/avatar\/a414941ff2b86a79f1a70a433f21d60df00047fefe742a46b6fded139881a475?s=96&d=mm&r=g","url":"https:\/\/secure.gravatar.com\/avatar\/a414941ff2b86a79f1a70a433f21d60df00047fefe742a46b6fded139881a475?s=96&d=mm&r=g","height":96,"width":96}},"publisher":{"@type":"Organization","name":"ayzu.cz","logo":{"@type":"ImageObject","@id":"\/logo.png","url":"\/logo.png","width":600,"height":60}},"image":{"@type":"ImageObject","@id":"https:\/\/www.ayzu.cz\/wp-content\/uploads\/peas-1205673_960_720.jpg","url":"https:\/\/www.ayzu.cz\/wp-content\/uploads\/peas-1205673_960_720.jpg","height":0,"width":0},"url":"https:\/\/www.ayzu.cz\/kolagen-a-zdravi\/","about":["Nakupov\u00e1n\u00ed"],"wordCount":409,"articleBody":"       Pamatuji si na ty \u010dasy, kdy mi bylo \u00fapln\u011b jedno, v jak\u00e9m stavu je moje ple\u0165. Kolikr\u00e1t jsem ani nev\u011bd\u011bla, \u017ee se m\u00e1 o ple\u0165 po\u0159\u00e1dn\u011b starat hlavn\u011b t\u00edm, \u017ee budu ple\u0165 pravideln\u011b odli\u010dovat a taky se o n\u00ed starat. A velkou p\u00e9\u010di o ple\u0165 jsem za\u010dala v\u011bnovat, asi kdy\u017e mi bylo dvacet p\u011bt nebo dvacet \u0161est let. Nev\u00edm pro\u010d, ale za\u010dala jsem na sob\u011b pozorovat, \u017ee m\u00e1 ple\u0165 a kr\u00e1sa u\u017e nen\u00ed to, co b\u00fdvalo, jako kdyby mi t\u0159eba bylo patn\u00e1ct let. Samoz\u0159ejm\u011b v\u0161ichni v\u00edme, \u017ee kdy\u017e je \u017een\u011b nebo mu\u017ei, oby\u010dejn\u00e9mu \u010dlov\u011bku patn\u00e1ct let, tak si nemus\u00ed l\u00e1mat hlavu s t\u00edm, \u017ee m\u00e1 n\u011bjak\u00e9 vr\u00e1sky anebo nem\u00e1. J\u00e1 jsem na tohle ale byla opravdu alergick\u00e1. Ale docela \u010dasto jsem to sl\u00fdch\u00e1vala.Nesnesla jsem, kdy\u017e mi t\u0159eba moje m\u00e1ma ze srandy \u0159ekla, \u017ee u\u017e za\u010d\u00edn\u00e1m st\u00e1rnout. To mi bylo asi necel\u00fdch t\u0159icet let. Ani nev\u00edte, jak m\u011b to vzalo a jak jsem byla hodn\u011b v \u0161oku! Tak\u017ee ihned jsem si objednala ke kade\u0159nici a taky ke kosmeti\u010dce, abych n\u011bjak ten proces st\u00e1rnut\u00ed zpomalila. A v\u00edte, co mi \u0159ekla jsi mi \u0159ekla kosmeti\u010dka? Hlavn\u011b to, abych u\u017e\u00edvala kolagen. A hlavn\u011b nativn\u00ed kolagen. V\u016fbec jsem nev\u011bd\u011bla, co to nativn\u00ed kolagen znamen\u00e1 a jestli v\u016fbec existuje. Tak\u017ee doma jsem rychle sedla k po\u010d\u00edta\u010di a pod\u00edvala jsem se na str\u00e1nky www.orcacollagen.cz, kde jsem se taky dozv\u011bd\u011bla, jak funguje kolagen a co je to v\u016fbec nativn\u00ed kolagen. Nativn\u00ed kolagen si m\u016f\u017eete koupit v pr\u00e1\u0161ku, a to nap\u0159\u00edklad v l\u00e9k\u00e1rn\u011b. A v l\u00e9k\u00e1rn\u011b v\u00e1m tak\u00e9 porad\u00ed, jak nejl\u00e9pe nativn\u00ed kolagen u\u017e\u00edvat a pro\u010d ho u\u017e\u00edvat. A v\u011b\u0159te, \u017ee nativn\u00ed kolagen nen\u00ed pouze jenom na kr\u00e1su pleti zvenku, ale taky samoz\u0159ejm\u011b zevnit\u0159, kdy nativn\u00ed kolagen vy\u017eivuje k\u016f\u017ei zevnit\u0159, co\u017e pot\u0159ebuje na\u0161e t\u011blo nejv\u00edce. Jsou r\u016fzn\u00e9 kolageny, kter\u00e9 \u010dlov\u011bku pom\u00e1haj\u00ed, aby byl kr\u00e1sn\u00fd a hlavn\u011b zdrav\u00fd, aby celkov\u011b udr\u017eel t\u011blo v pohod\u011b. Tak co? Navnadila jsem v\u00e1s na u\u017e\u00edv\u00e1n\u00ed kvalitn\u00edho nativn\u00edho kolagenu?                                                                                                                                                                                                                                                                                                                                                                                           4.2\/5 - (4 votes)        "},{"@context":"https:\/\/schema.org\/","@type":"BreadcrumbList","itemListElement":[{"@type":"ListItem","position":1,"name":"Kolagen a zdrav\u00ed","item":"https:\/\/www.ayzu.cz\/kolagen-a-zdravi\/#breadcrumbitem"}]}]